{"id":3060,"date":"2026-09-02T12:57:45","date_gmt":"2026-09-02T10:57:45","guid":{"rendered":"https:\/\/alpenzoo.at\/?p=3060"},"modified":"2026-09-02T12:57:45","modified_gmt":"2026-09-02T10:57:45","slug":"7-august-2026-flauschige-nachrichten-zum-weltkatzentag-nachwuchs-bei-den-wildkatzen-im-alpenzoo","status":"publish","type":"post","link":"https:\/\/alpenzoo.at\/en\/7-august-2026-flauschige-nachrichten-zum-weltkatzentag-nachwuchs-bei-den-wildkatzen-im-alpenzoo\/","title":{"rendered":"7. August 2026 \u2013 Flauschige Nachrichten zum Weltkatzentag: Nachwuchs bei den Wildkatzen im Alpenzoo"},"content":{"rendered":"<p class=\"wp-block-paragraph\">P\u00fcnktlich zum Weltkatzentag am 8. August gibt es vom Alpenzoo besonders erfreuliche Neuigkeiten: Nachwuchs bei den Europ\u00e4ischen Wildkatzen. Drei kleine Wildkatzen erkunden inzwischen neugierig ihr Zuhause und sorgen daf\u00fcr, dass ihrer Mutter keine ruhige Minute bleibt.<\/p>\n\n\n\n<p class=\"wp-block-paragraph\">Um der Wildkatzenmutter und den Jungtieren in den ersten, besonders sensiblen Lebenswochen m\u00f6glichst viel Ruhe zu erm\u00f6glichen, blieb der Bereich rund um das Wildkatzengehege vor\u00fcbergehend f\u00fcr Besucherinnen und Besucher geschlossen.<\/p>\n\n\n\n<p class=\"wp-block-paragraph\">Mittlerweile sind die kleinen Wildkatzen fast sechs Wochen alt und entwickeln sich pr\u00e4chtig. Mit jedem Tag werden sie mutiger und erkunden ihr Gehege ein St\u00fcck weiter. Dabei zeigt sich schnell ihr neugieriger und abenteuerlustiger Charakter. Immer wieder wagen sich die Jungtiere ganz allein hinaus, um ihre Umgebung zu entdecken \u2013 sehr zum Leidwesen ihrer Mutter, die alle drei gleichzeitig im Blick behalten muss und alle Pfoten voll zu tun hat.<\/p>\n\n\n\n<p class=\"wp-block-paragraph\">\u201eDer Alpenzoo f\u00fchrt das Europ\u00e4ische Zuchtbuch f\u00fcr die Europ\u00e4ische Wildkatze und tr\u00e4gt damit eine besondere Verantwortung f\u00fcr den Erhalt dieser Art. Unsere Wildkatzenmutter ist genetisch \u00e4u\u00dferst wertvoll und leistet mit ihrem Nachwuchs einen wichtigen Beitrag zum Erhalt einer gesunden Reservepopulation. Deshalb freut uns dieser Zuchterfolg ganz besonders\u201c, erkl\u00e4rt Zoodirektor Dr. Andr\u00e9 Stadler<strong>.<\/strong><\/p>\n\n\n\n<p class=\"wp-block-paragraph\">Die Europ\u00e4ische Wildkatze ist die einzige urspr\u00fcnglich in Mitteleuropa heimische Wildkatzenart. Obwohl sie einer Hauskatze auf den ersten Blick \u00e4hnelt, unterscheidet sie sich unter anderem durch ihren kr\u00e4ftigeren K\u00f6rperbau, das dichte Fell und den buschigen, schwarz geringelten Schwanz mit stumpfer Spitze. Als scheuer Waldbewohner bekommt man sie normalerweise nur \u00e4u\u00dferst selten zu Gesicht.<\/p>\n\n\n\n<p class=\"wp-block-paragraph\">Wer den flauschigen Nachwuchs entdecken m\u00f6chte, sollte etwas Geduld mitbringen. Die kleinen Wildkatzen sind zwar zunehmend aktiv, verbringen aber noch viel Zeit gut versteckt im Gehege oder in der N\u00e4he ihrer Mutter. Mit etwas Gl\u00fcck lassen sich die neugierigen K\u00e4tzchen jedoch bereits bei ihren ersten gemeinsamen Erkundungstouren beobachten.<\/p>\n\n\n\n<figure class=\"wp-block-image size-large is-resized\"><img fetchpriority=\"high\" decoding=\"async\" width=\"1024\" height=\"660\" src=\"https:\/\/alpenzoo.at\/wp-content\/uploads\/sites\/44\/2026\/09\/Europaeische-Wildkatze1-1024x660.webp\" alt=\"\" class=\"wp-image-3061\" style=\"aspect-ratio:1.5514899912252844;width:551px;height:auto\" srcset=\"https:\/\/alpenzoo.at\/wp-content\/uploads\/sites\/44\/2026\/09\/Europaeische-Wildkatze1-1024x660.webp 1024w, https:\/\/alpenzoo.at\/wp-content\/uploads\/sites\/44\/2026\/09\/Europaeische-Wildkatze1-300x194.webp 300w, https:\/\/alpenzoo.at\/wp-content\/uploads\/sites\/44\/2026\/09\/Europaeische-Wildkatze1-768x495.webp 768w, https:\/\/alpenzoo.at\/wp-content\/uploads\/sites\/44\/2026\/09\/Europaeische-Wildkatze1-18x12.webp 18w, https:\/\/alpenzoo.at\/wp-content\/uploads\/sites\/44\/2026\/09\/Europaeische-Wildkatze1.webp 1493w\" sizes=\"(max-width: 1024px) 100vw, 1024px\" \/><\/figure>","protected":false},"excerpt":{"rendered":"<p>P\u00fcnktlich zum Weltkatzentag am 8. August gibt es vom Alpenzoo besonders erfreuliche Neuigkeiten: Nachwuchs bei den Europ\u00e4ischen Wildkatzen. Drei kleine Wildkatzen erkunden inzwischen neugierig ihr Zuhause und sorgen daf\u00fcr, dass ihrer Mutter keine ruhige Minute bleibt. Um der Wildkatzenmutter und den Jungtieren in den ersten, besonders sensiblen Lebenswochen m\u00f6glichst viel Ruhe zu erm\u00f6glichen, blieb der [&hellip;]<\/p>\n","protected":false},"author":163,"featured_media":3061,"comment_status":"closed","ping_status":"","sticky":false,"template":"","format":"standard","meta":{"footnotes":""},"categories":[11],"tags":[],"wf_post_folders":[],"class_list":["post-3060","post","type-post","status-publish","format-standard","has-post-thumbnail","hentry","category-news-blog"],"_links":{"self":[{"href":"https:\/\/alpenzoo.at\/en\/wp-json\/wp\/v2\/posts\/3060","targetHints":{"allow":["GET"]}}],"collection":[{"href":"https:\/\/alpenzoo.at\/en\/wp-json\/wp\/v2\/posts"}],"about":[{"href":"https:\/\/alpenzoo.at\/en\/wp-json\/wp\/v2\/types\/post"}],"author":[{"embeddable":true,"href":"https:\/\/alpenzoo.at\/en\/wp-json\/wp\/v2\/users\/163"}],"replies":[{"embeddable":true,"href":"https:\/\/alpenzoo.at\/en\/wp-json\/wp\/v2\/comments?post=3060"}],"version-history":[{"count":1,"href":"https:\/\/alpenzoo.at\/en\/wp-json\/wp\/v2\/posts\/3060\/revisions"}],"predecessor-version":[{"id":3062,"href":"https:\/\/alpenzoo.at\/en\/wp-json\/wp\/v2\/posts\/3060\/revisions\/3062"}],"wp:featuredmedia":[{"embeddable":true,"href":"https:\/\/alpenzoo.at\/en\/wp-json\/wp\/v2\/media\/3061"}],"wp:attachment":[{"href":"https:\/\/alpenzoo.at\/en\/wp-json\/wp\/v2\/media?parent=3060"}],"wp:term":[{"taxonomy":"category","embeddable":true,"href":"https:\/\/alpenzoo.at\/en\/wp-json\/wp\/v2\/categories?post=3060"},{"taxonomy":"post_tag","embeddable":true,"href":"https:\/\/alpenzoo.at\/en\/wp-json\/wp\/v2\/tags?post=3060"},{"taxonomy":"wf_post_folders","embeddable":true,"href":"https:\/\/alpenzoo.at\/en\/wp-json\/wp\/v2\/wf_post_folders?post=3060"}],"curies":[{"name":"wp","href":"https:\/\/api.w.org\/{rel}","templated":true}]}}